{"id":2801,"date":"2022-07-03T18:16:47","date_gmt":"2022-07-03T16:16:47","guid":{"rendered":"http:\/\/www.innovation-academy.de\/radverkehr-in-freiburg\/"},"modified":"2022-12-26T17:00:15","modified_gmt":"2022-12-26T15:00:15","slug":"le-velo-a-fribourg","status":"publish","type":"post","link":"https:\/\/www.innovation-academy.de\/fr\/le-velo-a-fribourg\/","title":{"rendered":"Les cyclistes \u00e0 Freiburg"},"content":{"rendered":"<div class=\"wpb-content-wrapper\"><p>[vc_row][vc_column][vc_column_text]<\/p>\n<h1>Les cyclistes \u00e0 Freiburg<\/h1>\n<p><strong>\u00a0<\/strong>[\/vc_column_text][\/vc_column][\/vc_row][vc_row][vc_column]<div class=\"ult-spacer spacer-69f03d5710ac5\" data-id=\"69f03d5710ac5\" data-height=\"30\" data-height-mobile=\"15\" data-height-tab=\"\" data-height-tab-portrait=\"\" data-height-mobile-landscape=\"15\" style=\"clear:both;display:block;\"><\/div>[\/vc_column][\/vc_row][vc_row][vc_column width=\u00a0\u00bb1\/3&Prime;][vc_column_text]La ville de Freiburg a mis en place d\u00e8s 1970 un premier r\u00e9seau de pistes cyclables. Depuis cette \u00e9poque, la proportion de cyclistes urbains quotidiens est pass\u00e9e de 15% \u00e0 34%. Cette augmentation est fond\u00e9e sur un r\u00e9seau de pistes cyclables de 420 km, sur plus de 5.000 places de stationnement r\u00e9serv\u00e9es aux v\u00e9los en centre ville et sur la \u00ab station v\u00e9lo \u00bb situ\u00e9e \u00e0 la gare. En mettant en \u0153uvre le \u00ab concept v\u00e9lo 2020 \u00bb, la circulation \u00e0 v\u00e9lo est pass\u00e9e en t\u00eate des modes de d\u00e9placement \u00e0 Freiburg. La ville de Fribourg investit actuellement 30 millions d\u2019euros dans des \u00ab autoroutes \u00bb \u00e0 v\u00e9lo sans carrefour, pour acc\u00e9l\u00e9rer les d\u00e9placements \u00e0 v\u00e9lo qui sont plus respectueux de l\u2019environnement que le trafic automobile. Laissez-vous guider lors d\u2019une excursion \u00e0 v\u00e9lo pour d\u00e9couvrir les projets d\u2019am\u00e9nagements r\u00e9alis\u00e9s en faveur du v\u00e9lo.[\/vc_column_text][\/vc_column][vc_column width=\u00a0\u00bb1\/3&Prime;][vc_single_image image=\u00a0\u00bb1420&Prime; img_size=\u00a0\u00bbfull\u00a0\u00bb][\/vc_column][vc_column width=\u00a0\u00bb1\/3&Prime;][vc_single_image image=\u00a0\u00bb1418&Prime; img_size=\u00a0\u00bbfull\u00a0\u00bb][\/vc_column][\/vc_row][vc_row][vc_column]<div class=\"ult-spacer spacer-69f03d5710aee\" data-id=\"69f03d5710aee\" data-height=\"30\" data-height-mobile=\"15\" data-height-tab=\"\" data-height-tab-portrait=\"\" data-height-mobile-landscape=\"15\" style=\"clear:both;display:block;\"><\/div>[vc_column_text]<strong>Nos programmes sont con\u00e7us \u00e0 la carte. Nous prenons en compte les exigences et les souhaits de nos clients. Veuillez trouver un programme exemplaire pour r\u00e9aliser une excursion \u00e0 v\u00e9lo.<\/strong>[\/vc_column_text][\/vc_column][\/vc_row]<\/p>\n<\/div>","protected":false},"excerpt":{"rendered":"<p>[vc_row][vc_column][vc_column_text] Les cyclistes \u00e0 Freiburg \u00a0[\/vc_column_text][\/vc_column][\/vc_row][vc_row][vc_column][\/vc_column][\/vc_row][vc_row][vc_column width=\u00a0\u00bb1\/3&Prime;][vc_column_text]La ville de Freiburg a mis en place d\u00e8s 1970 un premier r\u00e9seau de pistes cyclables. Depuis cette \u00e9poque, la proportion de cyclistes urbains quotidiens est pass\u00e9e de 15% \u00e0 34%. Cette augmentation est fond\u00e9e sur un r\u00e9seau de pistes cyclables de 420 km, sur plus de 5.000 places&hellip;<\/p>\n","protected":false},"author":1,"featured_media":2248,"comment_status":"closed","ping_status":"closed","sticky":false,"template":"","format":"standard","meta":{"footnotes":""},"categories":[132],"tags":[],"class_list":["post-2801","post","type-post","status-publish","format-standard","has-post-thumbnail","hentry","category-fribourg-delegations-professionnelles-urbanismemobilite","category-132","description-off"],"yoast_head":"<!-- This site is optimized with the Yoast SEO plugin v26.2 - https:\/\/yoast.com\/wordpress\/plugins\/seo\/ -->\n<title>Les cyclistes \u00e0 Freiburg - Innovation Academy<\/title>\n<meta name=\"robots\" content=\"index, follow, max-snippet:-1, max-image-preview:large, max-video-preview:-1\" \/>\n<link rel=\"canonical\" href=\"https:\/\/www.innovation-academy.de\/fr\/le-velo-a-fribourg\/\" \/>\n<meta property=\"og:locale\" content=\"fr_FR\" \/>\n<meta property=\"og:type\" content=\"article\" \/>\n<meta property=\"og:title\" content=\"Les cyclistes \u00e0 Freiburg - Innovation Academy\" \/>\n<meta property=\"og:description\" content=\"[vc_row][vc_column][vc_column_text] Les cyclistes \u00e0 Freiburg \u00a0[\/vc_column_text][\/vc_column][\/vc_row][vc_row][vc_column][\/vc_column][\/vc_row][vc_row][vc_column width=\u00a0\u00bb1\/3&Prime;][vc_column_text]La ville de Freiburg a mis en place d\u00e8s 1970 un premier r\u00e9seau de pistes cyclables. Depuis cette \u00e9poque, la proportion de cyclistes urbains quotidiens est pass\u00e9e de 15% \u00e0 34%. Cette augmentation est fond\u00e9e sur un r\u00e9seau de pistes cyclables de 420 km, sur plus de 5.000 places&hellip;\" \/>\n<meta property=\"og:url\" content=\"https:\/\/www.innovation-academy.de\/fr\/le-velo-a-fribourg\/\" \/>\n<meta property=\"og:site_name\" content=\"Innovation Academy\" \/>\n<meta property=\"article:published_time\" content=\"2022-07-03T16:16:47+00:00\" \/>\n<meta property=\"article:modified_time\" content=\"2022-12-26T15:00:15+00:00\" \/>\n<meta property=\"og:image\" content=\"https:\/\/www.innovation-academy.de\/wp-content\/uploads\/Freiburg_Radverkehr.jpg\" \/>\n\t<meta property=\"og:image:width\" content=\"400\" \/>\n\t<meta property=\"og:image:height\" content=\"300\" \/>\n\t<meta property=\"og:image:type\" content=\"image\/jpeg\" \/>\n<meta name=\"author\" content=\"innovate42\" \/>\n<meta name=\"twitter:card\" content=\"summary_large_image\" \/>\n<meta name=\"twitter:label1\" content=\"\u00c9crit par\" \/>\n\t<meta name=\"twitter:data1\" content=\"innovate42\" \/>\n\t<meta name=\"twitter:label2\" content=\"Dur\u00e9e de lecture estim\u00e9e\" \/>\n\t<meta name=\"twitter:data2\" content=\"2 minutes\" \/>\n<script type=\"application\/ld+json\" class=\"yoast-schema-graph\">{\"@context\":\"https:\/\/schema.org\",\"@graph\":[{\"@type\":\"WebPage\",\"@id\":\"https:\/\/www.innovation-academy.de\/fr\/le-velo-a-fribourg\/\",\"url\":\"https:\/\/www.innovation-academy.de\/fr\/le-velo-a-fribourg\/\",\"name\":\"Les cyclistes \u00e0 Freiburg - Innovation Academy\",\"isPartOf\":{\"@id\":\"https:\/\/www.innovation-academy.de\/fr\/#website\"},\"primaryImageOfPage\":{\"@id\":\"https:\/\/www.innovation-academy.de\/fr\/le-velo-a-fribourg\/#primaryimage\"},\"image\":{\"@id\":\"https:\/\/www.innovation-academy.de\/fr\/le-velo-a-fribourg\/#primaryimage\"},\"thumbnailUrl\":\"https:\/\/www.innovation-academy.de\/wp-content\/uploads\/Freiburg_Radverkehr.jpg\",\"datePublished\":\"2022-07-03T16:16:47+00:00\",\"dateModified\":\"2022-12-26T15:00:15+00:00\",\"author\":{\"@id\":\"https:\/\/www.innovation-academy.de\/fr\/#\/schema\/person\/c6d57d9d68966b435dba89a0fd46603d\"},\"breadcrumb\":{\"@id\":\"https:\/\/www.innovation-academy.de\/fr\/le-velo-a-fribourg\/#breadcrumb\"},\"inLanguage\":\"fr-FR\",\"potentialAction\":[{\"@type\":\"ReadAction\",\"target\":[\"https:\/\/www.innovation-academy.de\/fr\/le-velo-a-fribourg\/\"]}]},{\"@type\":\"ImageObject\",\"inLanguage\":\"fr-FR\",\"@id\":\"https:\/\/www.innovation-academy.de\/fr\/le-velo-a-fribourg\/#primaryimage\",\"url\":\"https:\/\/www.innovation-academy.de\/wp-content\/uploads\/Freiburg_Radverkehr.jpg\",\"contentUrl\":\"https:\/\/www.innovation-academy.de\/wp-content\/uploads\/Freiburg_Radverkehr.jpg\",\"width\":400,\"height\":300},{\"@type\":\"BreadcrumbList\",\"@id\":\"https:\/\/www.innovation-academy.de\/fr\/le-velo-a-fribourg\/#breadcrumb\",\"itemListElement\":[{\"@type\":\"ListItem\",\"position\":1,\"name\":\"Home\",\"item\":\"https:\/\/www.innovation-academy.de\/fr\/\"},{\"@type\":\"ListItem\",\"position\":2,\"name\":\"Les cyclistes \u00e0 Freiburg\"}]},{\"@type\":\"WebSite\",\"@id\":\"https:\/\/www.innovation-academy.de\/fr\/#website\",\"url\":\"https:\/\/www.innovation-academy.de\/fr\/\",\"name\":\"Innovation Academy\",\"description\":\"Innovation Academy\",\"potentialAction\":[{\"@type\":\"SearchAction\",\"target\":{\"@type\":\"EntryPoint\",\"urlTemplate\":\"https:\/\/www.innovation-academy.de\/fr\/?s={search_term_string}\"},\"query-input\":{\"@type\":\"PropertyValueSpecification\",\"valueRequired\":true,\"valueName\":\"search_term_string\"}}],\"inLanguage\":\"fr-FR\"},{\"@type\":\"Person\",\"@id\":\"https:\/\/www.innovation-academy.de\/fr\/#\/schema\/person\/c6d57d9d68966b435dba89a0fd46603d\",\"name\":\"innovate42\",\"image\":{\"@type\":\"ImageObject\",\"inLanguage\":\"fr-FR\",\"@id\":\"https:\/\/www.innovation-academy.de\/fr\/#\/schema\/person\/image\/\",\"url\":\"https:\/\/secure.gravatar.com\/avatar\/94dce0c8b2b46b6f183ec7839dbcbac3b831eb6f0a498ffb94cf3ac39c97542e?s=96&d=mm&r=g\",\"contentUrl\":\"https:\/\/secure.gravatar.com\/avatar\/94dce0c8b2b46b6f183ec7839dbcbac3b831eb6f0a498ffb94cf3ac39c97542e?s=96&d=mm&r=g\",\"caption\":\"innovate42\"},\"url\":\"https:\/\/www.innovation-academy.de\/fr\/author\/innovate42\/\"}]}<\/script>\n<!-- \/ Yoast SEO plugin. -->","yoast_head_json":{"title":"Les cyclistes \u00e0 Freiburg - Innovation Academy","robots":{"index":"index","follow":"follow","max-snippet":"max-snippet:-1","max-image-preview":"max-image-preview:large","max-video-preview":"max-video-preview:-1"},"canonical":"https:\/\/www.innovation-academy.de\/fr\/le-velo-a-fribourg\/","og_locale":"fr_FR","og_type":"article","og_title":"Les cyclistes \u00e0 Freiburg - Innovation Academy","og_description":"[vc_row][vc_column][vc_column_text] Les cyclistes \u00e0 Freiburg \u00a0[\/vc_column_text][\/vc_column][\/vc_row][vc_row][vc_column][\/vc_column][\/vc_row][vc_row][vc_column width=\u00a0\u00bb1\/3&Prime;][vc_column_text]La ville de Freiburg a mis en place d\u00e8s 1970 un premier r\u00e9seau de pistes cyclables. Depuis cette \u00e9poque, la proportion de cyclistes urbains quotidiens est pass\u00e9e de 15% \u00e0 34%. Cette augmentation est fond\u00e9e sur un r\u00e9seau de pistes cyclables de 420 km, sur plus de 5.000 places&hellip;","og_url":"https:\/\/www.innovation-academy.de\/fr\/le-velo-a-fribourg\/","og_site_name":"Innovation Academy","article_published_time":"2022-07-03T16:16:47+00:00","article_modified_time":"2022-12-26T15:00:15+00:00","og_image":[{"width":400,"height":300,"url":"https:\/\/www.innovation-academy.de\/wp-content\/uploads\/Freiburg_Radverkehr.jpg","type":"image\/jpeg"}],"author":"innovate42","twitter_card":"summary_large_image","twitter_misc":{"\u00c9crit par":"innovate42","Dur\u00e9e de lecture estim\u00e9e":"2 minutes"},"schema":{"@context":"https:\/\/schema.org","@graph":[{"@type":"WebPage","@id":"https:\/\/www.innovation-academy.de\/fr\/le-velo-a-fribourg\/","url":"https:\/\/www.innovation-academy.de\/fr\/le-velo-a-fribourg\/","name":"Les cyclistes \u00e0 Freiburg - Innovation Academy","isPartOf":{"@id":"https:\/\/www.innovation-academy.de\/fr\/#website"},"primaryImageOfPage":{"@id":"https:\/\/www.innovation-academy.de\/fr\/le-velo-a-fribourg\/#primaryimage"},"image":{"@id":"https:\/\/www.innovation-academy.de\/fr\/le-velo-a-fribourg\/#primaryimage"},"thumbnailUrl":"https:\/\/www.innovation-academy.de\/wp-content\/uploads\/Freiburg_Radverkehr.jpg","datePublished":"2022-07-03T16:16:47+00:00","dateModified":"2022-12-26T15:00:15+00:00","author":{"@id":"https:\/\/www.innovation-academy.de\/fr\/#\/schema\/person\/c6d57d9d68966b435dba89a0fd46603d"},"breadcrumb":{"@id":"https:\/\/www.innovation-academy.de\/fr\/le-velo-a-fribourg\/#breadcrumb"},"inLanguage":"fr-FR","potentialAction":[{"@type":"ReadAction","target":["https:\/\/www.innovation-academy.de\/fr\/le-velo-a-fribourg\/"]}]},{"@type":"ImageObject","inLanguage":"fr-FR","@id":"https:\/\/www.innovation-academy.de\/fr\/le-velo-a-fribourg\/#primaryimage","url":"https:\/\/www.innovation-academy.de\/wp-content\/uploads\/Freiburg_Radverkehr.jpg","contentUrl":"https:\/\/www.innovation-academy.de\/wp-content\/uploads\/Freiburg_Radverkehr.jpg","width":400,"height":300},{"@type":"BreadcrumbList","@id":"https:\/\/www.innovation-academy.de\/fr\/le-velo-a-fribourg\/#breadcrumb","itemListElement":[{"@type":"ListItem","position":1,"name":"Home","item":"https:\/\/www.innovation-academy.de\/fr\/"},{"@type":"ListItem","position":2,"name":"Les cyclistes \u00e0 Freiburg"}]},{"@type":"WebSite","@id":"https:\/\/www.innovation-academy.de\/fr\/#website","url":"https:\/\/www.innovation-academy.de\/fr\/","name":"Innovation Academy","description":"Innovation Academy","potentialAction":[{"@type":"SearchAction","target":{"@type":"EntryPoint","urlTemplate":"https:\/\/www.innovation-academy.de\/fr\/?s={search_term_string}"},"query-input":{"@type":"PropertyValueSpecification","valueRequired":true,"valueName":"search_term_string"}}],"inLanguage":"fr-FR"},{"@type":"Person","@id":"https:\/\/www.innovation-academy.de\/fr\/#\/schema\/person\/c6d57d9d68966b435dba89a0fd46603d","name":"innovate42","image":{"@type":"ImageObject","inLanguage":"fr-FR","@id":"https:\/\/www.innovation-academy.de\/fr\/#\/schema\/person\/image\/","url":"https:\/\/secure.gravatar.com\/avatar\/94dce0c8b2b46b6f183ec7839dbcbac3b831eb6f0a498ffb94cf3ac39c97542e?s=96&d=mm&r=g","contentUrl":"https:\/\/secure.gravatar.com\/avatar\/94dce0c8b2b46b6f183ec7839dbcbac3b831eb6f0a498ffb94cf3ac39c97542e?s=96&d=mm&r=g","caption":"innovate42"},"url":"https:\/\/www.innovation-academy.de\/fr\/author\/innovate42\/"}]}},"_links":{"self":[{"href":"https:\/\/www.innovation-academy.de\/fr\/wp-json\/wp\/v2\/posts\/2801","targetHints":{"allow":["GET"]}}],"collection":[{"href":"https:\/\/www.innovation-academy.de\/fr\/wp-json\/wp\/v2\/posts"}],"about":[{"href":"https:\/\/www.innovation-academy.de\/fr\/wp-json\/wp\/v2\/types\/post"}],"author":[{"embeddable":true,"href":"https:\/\/www.innovation-academy.de\/fr\/wp-json\/wp\/v2\/users\/1"}],"replies":[{"embeddable":true,"href":"https:\/\/www.innovation-academy.de\/fr\/wp-json\/wp\/v2\/comments?post=2801"}],"version-history":[{"count":3,"href":"https:\/\/www.innovation-academy.de\/fr\/wp-json\/wp\/v2\/posts\/2801\/revisions"}],"predecessor-version":[{"id":3876,"href":"https:\/\/www.innovation-academy.de\/fr\/wp-json\/wp\/v2\/posts\/2801\/revisions\/3876"}],"wp:featuredmedia":[{"embeddable":true,"href":"https:\/\/www.innovation-academy.de\/fr\/wp-json\/wp\/v2\/media\/2248"}],"wp:attachment":[{"href":"https:\/\/www.innovation-academy.de\/fr\/wp-json\/wp\/v2\/media?parent=2801"}],"wp:term":[{"taxonomy":"category","embeddable":true,"href":"https:\/\/www.innovation-academy.de\/fr\/wp-json\/wp\/v2\/categories?post=2801"},{"taxonomy":"post_tag","embeddable":true,"href":"https:\/\/www.innovation-academy.de\/fr\/wp-json\/wp\/v2\/tags?post=2801"}],"curies":[{"name":"wp","href":"https:\/\/api.w.org\/{rel}","templated":true}]}}