{"id":2763,"date":"2016-02-16T16:42:00","date_gmt":"2016-02-16T14:42:00","guid":{"rendered":"http:\/\/www.innovation-academy.de\/fuehrung-in-der-freiburger-altstadt\/"},"modified":"2025-07-21T16:13:56","modified_gmt":"2025-07-21T14:13:56","slug":"centre-historique-et-concept-transports-fribourg","status":"publish","type":"post","link":"https:\/\/www.innovation-academy.de\/fr\/centre-historique-et-concept-transports-fribourg\/","title":{"rendered":"Visite de la vieille ville de Fribourg et pr\u00e9sentation de son concept de mobilit\u00e9"},"content":{"rendered":"<div class=\"wpb-content-wrapper\"><p>[vc_row][vc_column][vc_column_text css=\u00a0\u00bb\u00a0\u00bb]<\/p>\n<h1>Visite historique et urbanistique de la vieille ville de Fribourg : de 1120 \u00e0 aujourd&rsquo;hui<\/h1>\n<p>[\/vc_column_text][\/vc_column][\/vc_row][vc_row][vc_column]<div class=\"ult-spacer spacer-69f2cd474e89c\" data-id=\"69f2cd474e89c\" data-height=\"30\" data-height-mobile=\"15\" data-height-tab=\"\" data-height-tab-portrait=\"\" data-height-mobile-landscape=\"15\" style=\"clear:both;display:block;\"><\/div>[\/vc_column][\/vc_row][vc_row][vc_column width=\u00a0\u00bb1\/3&Prime;][vc_column_text]Le centre historique de Fribourg a \u00e9t\u00e9 en grande partie d\u00e9truit \u00e0 la fin de la Seconde Guerre Mondiale. Gr\u00e2ce \u00e0 la reconstruction d\u2019envergure et la mise en place d&rsquo;une grande zone pi\u00e9tonne, le c\u0153ur de la ville est aujourd\u2019hui un centre dynamique et anim\u00e9 avec des commerces prosp\u00e8res. Les nouveaux am\u00e9nagements en centre ville ont permis l\u2019agrandissement de la zone pi\u00e9tonne, la r\u00e9alisation d\u2019une nouvelle ligne de tramway et la transformation de la place de \u00ab\u00a0l\u2019ancienne synagogue\u00a0\u00bb\u00a0 &#8211; des projets porteurs d\u2019avenir.[\/vc_column_text][\/vc_column][vc_column width=\u00a0\u00bb1\/3&Prime;][vc_single_image image=\u00a0\u00bb1490&Prime; img_size=\u00a0\u00bbfull\u00a0\u00bb][\/vc_column][vc_column width=\u00a0\u00bb1\/3&Prime;][vc_single_image image=\u00a0\u00bb1489&Prime; img_size=\u00a0\u00bbfull\u00a0\u00bb][\/vc_column][\/vc_row][vc_row][vc_column][vc_column_text]Apr\u00e8s la visite de la vieille ville de Fribourg, les \u00e9l\u00e8ves pourront se rendre compte des mesures mises en place par la ville en mati\u00e8re de mobilit\u00e9. La \u00ab Radstation \u00bb qui est \u00e0 la fois un centre de service sp\u00e9cialis\u00e9 dans le domaine des transports et un parking \u00e0 v\u00e9lo illustre le concept de mobilit\u00e9 durable.<\/p>\n<p><strong>A travers une activit\u00e9 p\u00e9dagogique, <\/strong>nous vous pr\u00e9senterons les concepts de mobilit\u00e9 durable de Fribourg. Les \u00e9l\u00e8ves d\u00e9couvriront les enjeux environnementaux li\u00e9s aux transports ainsi que les avantages des modes de transports doux.[\/vc_column_text][\/vc_column][\/vc_row][vc_row][vc_column]<div class=\"ult-spacer spacer-69f2cd474e8e1\" data-id=\"69f2cd474e8e1\" data-height=\"30\" data-height-mobile=\"15\" data-height-tab=\"\" data-height-tab-portrait=\"\" data-height-mobile-landscape=\"15\" style=\"clear:both;display:block;\"><\/div>[\/vc_column][\/vc_row][vc_row][vc_column][vc_column_text]<strong>Tarif: 270,- \u20ac (pour un groupe allant jusqu\u2018\u00e0 30 personnes maximum)<\/strong><br \/>\n<strong>Dur\u00e9e: 2h30<\/strong>[\/vc_column_text][\/vc_column][\/vc_row]<\/p>\n<\/div>","protected":false},"excerpt":{"rendered":"<p>[vc_row][vc_column][vc_column_text css=\u00a0\u00bb\u00a0\u00bb] Visite historique et urbanistique de la vieille ville de Fribourg : de 1120 \u00e0 aujourd&rsquo;hui [\/vc_column_text][\/vc_column][\/vc_row][vc_row][vc_column][\/vc_column][\/vc_row][vc_row][vc_column width=\u00a0\u00bb1\/3&Prime;][vc_column_text]Le centre historique de Fribourg a \u00e9t\u00e9 en grande partie d\u00e9truit \u00e0 la fin de la Seconde Guerre Mondiale. Gr\u00e2ce \u00e0 la reconstruction d\u2019envergure et la mise en place d&rsquo;une grande zone pi\u00e9tonne, le c\u0153ur de la&hellip;<\/p>\n","protected":false},"author":1,"featured_media":2429,"comment_status":"closed","ping_status":"closed","sticky":false,"template":"","format":"standard","meta":{"footnotes":""},"categories":[138],"tags":[],"class_list":["post-2763","post","type-post","status-publish","format-standard","has-post-thumbnail","hentry","category-fribourg-scolaires-urbanismemobilite","category-138","description-off"],"yoast_head":"<!-- This site is optimized with the Yoast SEO plugin v26.2 - https:\/\/yoast.com\/wordpress\/plugins\/seo\/ -->\n<title>Visite de la vieille ville de Fribourg et pr\u00e9sentation de son concept de mobilit\u00e9 - Innovation Academy<\/title>\n<meta name=\"robots\" content=\"index, follow, max-snippet:-1, max-image-preview:large, max-video-preview:-1\" \/>\n<link rel=\"canonical\" href=\"https:\/\/www.innovation-academy.de\/fr\/centre-historique-et-concept-transports-fribourg\/\" \/>\n<meta property=\"og:locale\" content=\"fr_FR\" \/>\n<meta property=\"og:type\" content=\"article\" \/>\n<meta property=\"og:title\" content=\"Visite de la vieille ville de Fribourg et pr\u00e9sentation de son concept de mobilit\u00e9 - Innovation Academy\" \/>\n<meta property=\"og:description\" content=\"[vc_row][vc_column][vc_column_text css=\u00a0\u00bb\u00a0\u00bb] Visite historique et urbanistique de la vieille ville de Fribourg : de 1120 \u00e0 aujourd&rsquo;hui [\/vc_column_text][\/vc_column][\/vc_row][vc_row][vc_column][\/vc_column][\/vc_row][vc_row][vc_column width=\u00a0\u00bb1\/3&Prime;][vc_column_text]Le centre historique de Fribourg a \u00e9t\u00e9 en grande partie d\u00e9truit \u00e0 la fin de la Seconde Guerre Mondiale. Gr\u00e2ce \u00e0 la reconstruction d\u2019envergure et la mise en place d&rsquo;une grande zone pi\u00e9tonne, le c\u0153ur de la&hellip;\" \/>\n<meta property=\"og:url\" content=\"https:\/\/www.innovation-academy.de\/fr\/centre-historique-et-concept-transports-fribourg\/\" \/>\n<meta property=\"og:site_name\" content=\"Innovation Academy\" \/>\n<meta property=\"article:published_time\" content=\"2016-02-16T14:42:00+00:00\" \/>\n<meta property=\"article:modified_time\" content=\"2025-07-21T14:13:56+00:00\" \/>\n<meta property=\"og:image\" content=\"https:\/\/www.innovation-academy.de\/wp-content\/uploads\/Greencity_Schulen_Altstadt.jpg\" \/>\n\t<meta property=\"og:image:width\" content=\"400\" \/>\n\t<meta property=\"og:image:height\" content=\"300\" \/>\n\t<meta property=\"og:image:type\" content=\"image\/jpeg\" \/>\n<meta name=\"author\" content=\"innovate42\" \/>\n<meta name=\"twitter:card\" content=\"summary_large_image\" \/>\n<meta name=\"twitter:label1\" content=\"\u00c9crit par\" \/>\n\t<meta name=\"twitter:data1\" content=\"innovate42\" \/>\n\t<meta name=\"twitter:label2\" content=\"Dur\u00e9e de lecture estim\u00e9e\" \/>\n\t<meta name=\"twitter:data2\" content=\"2 minutes\" \/>\n<script type=\"application\/ld+json\" class=\"yoast-schema-graph\">{\"@context\":\"https:\/\/schema.org\",\"@graph\":[{\"@type\":\"WebPage\",\"@id\":\"https:\/\/www.innovation-academy.de\/fr\/centre-historique-et-concept-transports-fribourg\/\",\"url\":\"https:\/\/www.innovation-academy.de\/fr\/centre-historique-et-concept-transports-fribourg\/\",\"name\":\"Visite de la vieille ville de Fribourg et pr\u00e9sentation de son concept de mobilit\u00e9 - Innovation Academy\",\"isPartOf\":{\"@id\":\"https:\/\/www.innovation-academy.de\/fr\/#website\"},\"primaryImageOfPage\":{\"@id\":\"https:\/\/www.innovation-academy.de\/fr\/centre-historique-et-concept-transports-fribourg\/#primaryimage\"},\"image\":{\"@id\":\"https:\/\/www.innovation-academy.de\/fr\/centre-historique-et-concept-transports-fribourg\/#primaryimage\"},\"thumbnailUrl\":\"https:\/\/www.innovation-academy.de\/wp-content\/uploads\/Greencity_Schulen_Altstadt.jpg\",\"datePublished\":\"2016-02-16T14:42:00+00:00\",\"dateModified\":\"2025-07-21T14:13:56+00:00\",\"author\":{\"@id\":\"https:\/\/www.innovation-academy.de\/fr\/#\/schema\/person\/c6d57d9d68966b435dba89a0fd46603d\"},\"breadcrumb\":{\"@id\":\"https:\/\/www.innovation-academy.de\/fr\/centre-historique-et-concept-transports-fribourg\/#breadcrumb\"},\"inLanguage\":\"fr-FR\",\"potentialAction\":[{\"@type\":\"ReadAction\",\"target\":[\"https:\/\/www.innovation-academy.de\/fr\/centre-historique-et-concept-transports-fribourg\/\"]}]},{\"@type\":\"ImageObject\",\"inLanguage\":\"fr-FR\",\"@id\":\"https:\/\/www.innovation-academy.de\/fr\/centre-historique-et-concept-transports-fribourg\/#primaryimage\",\"url\":\"https:\/\/www.innovation-academy.de\/wp-content\/uploads\/Greencity_Schulen_Altstadt.jpg\",\"contentUrl\":\"https:\/\/www.innovation-academy.de\/wp-content\/uploads\/Greencity_Schulen_Altstadt.jpg\",\"width\":400,\"height\":300,\"caption\":\"M\u00fcnster\"},{\"@type\":\"BreadcrumbList\",\"@id\":\"https:\/\/www.innovation-academy.de\/fr\/centre-historique-et-concept-transports-fribourg\/#breadcrumb\",\"itemListElement\":[{\"@type\":\"ListItem\",\"position\":1,\"name\":\"Home\",\"item\":\"https:\/\/www.innovation-academy.de\/fr\/\"},{\"@type\":\"ListItem\",\"position\":2,\"name\":\"Visite de la vieille ville de Fribourg et pr\u00e9sentation de son concept de mobilit\u00e9\"}]},{\"@type\":\"WebSite\",\"@id\":\"https:\/\/www.innovation-academy.de\/fr\/#website\",\"url\":\"https:\/\/www.innovation-academy.de\/fr\/\",\"name\":\"Innovation Academy\",\"description\":\"Innovation Academy\",\"potentialAction\":[{\"@type\":\"SearchAction\",\"target\":{\"@type\":\"EntryPoint\",\"urlTemplate\":\"https:\/\/www.innovation-academy.de\/fr\/?s={search_term_string}\"},\"query-input\":{\"@type\":\"PropertyValueSpecification\",\"valueRequired\":true,\"valueName\":\"search_term_string\"}}],\"inLanguage\":\"fr-FR\"},{\"@type\":\"Person\",\"@id\":\"https:\/\/www.innovation-academy.de\/fr\/#\/schema\/person\/c6d57d9d68966b435dba89a0fd46603d\",\"name\":\"innovate42\",\"image\":{\"@type\":\"ImageObject\",\"inLanguage\":\"fr-FR\",\"@id\":\"https:\/\/www.innovation-academy.de\/fr\/#\/schema\/person\/image\/\",\"url\":\"https:\/\/secure.gravatar.com\/avatar\/94dce0c8b2b46b6f183ec7839dbcbac3b831eb6f0a498ffb94cf3ac39c97542e?s=96&d=mm&r=g\",\"contentUrl\":\"https:\/\/secure.gravatar.com\/avatar\/94dce0c8b2b46b6f183ec7839dbcbac3b831eb6f0a498ffb94cf3ac39c97542e?s=96&d=mm&r=g\",\"caption\":\"innovate42\"},\"url\":\"https:\/\/www.innovation-academy.de\/fr\/author\/innovate42\/\"}]}<\/script>\n<!-- \/ Yoast SEO plugin. -->","yoast_head_json":{"title":"Visite de la vieille ville de Fribourg et pr\u00e9sentation de son concept de mobilit\u00e9 - Innovation Academy","robots":{"index":"index","follow":"follow","max-snippet":"max-snippet:-1","max-image-preview":"max-image-preview:large","max-video-preview":"max-video-preview:-1"},"canonical":"https:\/\/www.innovation-academy.de\/fr\/centre-historique-et-concept-transports-fribourg\/","og_locale":"fr_FR","og_type":"article","og_title":"Visite de la vieille ville de Fribourg et pr\u00e9sentation de son concept de mobilit\u00e9 - Innovation Academy","og_description":"[vc_row][vc_column][vc_column_text css=\u00a0\u00bb\u00a0\u00bb] Visite historique et urbanistique de la vieille ville de Fribourg : de 1120 \u00e0 aujourd&rsquo;hui [\/vc_column_text][\/vc_column][\/vc_row][vc_row][vc_column][\/vc_column][\/vc_row][vc_row][vc_column width=\u00a0\u00bb1\/3&Prime;][vc_column_text]Le centre historique de Fribourg a \u00e9t\u00e9 en grande partie d\u00e9truit \u00e0 la fin de la Seconde Guerre Mondiale. Gr\u00e2ce \u00e0 la reconstruction d\u2019envergure et la mise en place d&rsquo;une grande zone pi\u00e9tonne, le c\u0153ur de la&hellip;","og_url":"https:\/\/www.innovation-academy.de\/fr\/centre-historique-et-concept-transports-fribourg\/","og_site_name":"Innovation Academy","article_published_time":"2016-02-16T14:42:00+00:00","article_modified_time":"2025-07-21T14:13:56+00:00","og_image":[{"width":400,"height":300,"url":"https:\/\/www.innovation-academy.de\/wp-content\/uploads\/Greencity_Schulen_Altstadt.jpg","type":"image\/jpeg"}],"author":"innovate42","twitter_card":"summary_large_image","twitter_misc":{"\u00c9crit par":"innovate42","Dur\u00e9e de lecture estim\u00e9e":"2 minutes"},"schema":{"@context":"https:\/\/schema.org","@graph":[{"@type":"WebPage","@id":"https:\/\/www.innovation-academy.de\/fr\/centre-historique-et-concept-transports-fribourg\/","url":"https:\/\/www.innovation-academy.de\/fr\/centre-historique-et-concept-transports-fribourg\/","name":"Visite de la vieille ville de Fribourg et pr\u00e9sentation de son concept de mobilit\u00e9 - Innovation Academy","isPartOf":{"@id":"https:\/\/www.innovation-academy.de\/fr\/#website"},"primaryImageOfPage":{"@id":"https:\/\/www.innovation-academy.de\/fr\/centre-historique-et-concept-transports-fribourg\/#primaryimage"},"image":{"@id":"https:\/\/www.innovation-academy.de\/fr\/centre-historique-et-concept-transports-fribourg\/#primaryimage"},"thumbnailUrl":"https:\/\/www.innovation-academy.de\/wp-content\/uploads\/Greencity_Schulen_Altstadt.jpg","datePublished":"2016-02-16T14:42:00+00:00","dateModified":"2025-07-21T14:13:56+00:00","author":{"@id":"https:\/\/www.innovation-academy.de\/fr\/#\/schema\/person\/c6d57d9d68966b435dba89a0fd46603d"},"breadcrumb":{"@id":"https:\/\/www.innovation-academy.de\/fr\/centre-historique-et-concept-transports-fribourg\/#breadcrumb"},"inLanguage":"fr-FR","potentialAction":[{"@type":"ReadAction","target":["https:\/\/www.innovation-academy.de\/fr\/centre-historique-et-concept-transports-fribourg\/"]}]},{"@type":"ImageObject","inLanguage":"fr-FR","@id":"https:\/\/www.innovation-academy.de\/fr\/centre-historique-et-concept-transports-fribourg\/#primaryimage","url":"https:\/\/www.innovation-academy.de\/wp-content\/uploads\/Greencity_Schulen_Altstadt.jpg","contentUrl":"https:\/\/www.innovation-academy.de\/wp-content\/uploads\/Greencity_Schulen_Altstadt.jpg","width":400,"height":300,"caption":"M\u00fcnster"},{"@type":"BreadcrumbList","@id":"https:\/\/www.innovation-academy.de\/fr\/centre-historique-et-concept-transports-fribourg\/#breadcrumb","itemListElement":[{"@type":"ListItem","position":1,"name":"Home","item":"https:\/\/www.innovation-academy.de\/fr\/"},{"@type":"ListItem","position":2,"name":"Visite de la vieille ville de Fribourg et pr\u00e9sentation de son concept de mobilit\u00e9"}]},{"@type":"WebSite","@id":"https:\/\/www.innovation-academy.de\/fr\/#website","url":"https:\/\/www.innovation-academy.de\/fr\/","name":"Innovation Academy","description":"Innovation Academy","potentialAction":[{"@type":"SearchAction","target":{"@type":"EntryPoint","urlTemplate":"https:\/\/www.innovation-academy.de\/fr\/?s={search_term_string}"},"query-input":{"@type":"PropertyValueSpecification","valueRequired":true,"valueName":"search_term_string"}}],"inLanguage":"fr-FR"},{"@type":"Person","@id":"https:\/\/www.innovation-academy.de\/fr\/#\/schema\/person\/c6d57d9d68966b435dba89a0fd46603d","name":"innovate42","image":{"@type":"ImageObject","inLanguage":"fr-FR","@id":"https:\/\/www.innovation-academy.de\/fr\/#\/schema\/person\/image\/","url":"https:\/\/secure.gravatar.com\/avatar\/94dce0c8b2b46b6f183ec7839dbcbac3b831eb6f0a498ffb94cf3ac39c97542e?s=96&d=mm&r=g","contentUrl":"https:\/\/secure.gravatar.com\/avatar\/94dce0c8b2b46b6f183ec7839dbcbac3b831eb6f0a498ffb94cf3ac39c97542e?s=96&d=mm&r=g","caption":"innovate42"},"url":"https:\/\/www.innovation-academy.de\/fr\/author\/innovate42\/"}]}},"_links":{"self":[{"href":"https:\/\/www.innovation-academy.de\/fr\/wp-json\/wp\/v2\/posts\/2763","targetHints":{"allow":["GET"]}}],"collection":[{"href":"https:\/\/www.innovation-academy.de\/fr\/wp-json\/wp\/v2\/posts"}],"about":[{"href":"https:\/\/www.innovation-academy.de\/fr\/wp-json\/wp\/v2\/types\/post"}],"author":[{"embeddable":true,"href":"https:\/\/www.innovation-academy.de\/fr\/wp-json\/wp\/v2\/users\/1"}],"replies":[{"embeddable":true,"href":"https:\/\/www.innovation-academy.de\/fr\/wp-json\/wp\/v2\/comments?post=2763"}],"version-history":[{"count":11,"href":"https:\/\/www.innovation-academy.de\/fr\/wp-json\/wp\/v2\/posts\/2763\/revisions"}],"predecessor-version":[{"id":10497,"href":"https:\/\/www.innovation-academy.de\/fr\/wp-json\/wp\/v2\/posts\/2763\/revisions\/10497"}],"wp:featuredmedia":[{"embeddable":true,"href":"https:\/\/www.innovation-academy.de\/fr\/wp-json\/wp\/v2\/media\/2429"}],"wp:attachment":[{"href":"https:\/\/www.innovation-academy.de\/fr\/wp-json\/wp\/v2\/media?parent=2763"}],"wp:term":[{"taxonomy":"category","embeddable":true,"href":"https:\/\/www.innovation-academy.de\/fr\/wp-json\/wp\/v2\/categories?post=2763"},{"taxonomy":"post_tag","embeddable":true,"href":"https:\/\/www.innovation-academy.de\/fr\/wp-json\/wp\/v2\/tags?post=2763"}],"curies":[{"name":"wp","href":"https:\/\/api.w.org\/{rel}","templated":true}]}}